{"id":9492,"date":"2022-05-15T22:21:36","date_gmt":"2022-05-15T21:21:36","guid":{"rendered":"http:\/\/www.sy-sunrise.de\/?p=9492"},"modified":"2022-05-16T22:24:48","modified_gmt":"2022-05-16T21:24:48","slug":"azoren-insel-sao-miguel","status":"publish","type":"post","link":"http:\/\/www.sy-sunrise.de\/?p=9492","title":{"rendered":"Azoren Insel S\u00e3o Miguel"},"content":{"rendered":"<div id=\"attachment_9487\" style=\"width: 650px\" class=\"wp-caption aligncenter\"><a href=\"https:\/\/i2.wp.com\/www.sy-sunrise.de\/wp-content\/uploads\/2022\/05\/0B42A176-437F-4BFA-A989-3B4C70369B1B.jpeg\"><img aria-describedby=\"caption-attachment-9487\" data-attachment-id=\"9487\" data-permalink=\"http:\/\/www.sy-sunrise.de\/?attachment_id=9487\" data-orig-file=\"https:\/\/i2.wp.com\/www.sy-sunrise.de\/wp-content\/uploads\/2022\/05\/0B42A176-437F-4BFA-A989-3B4C70369B1B.jpeg?fit=640%2C427\" data-orig-size=\"640,427\" data-comments-opened=\"0\" data-image-meta=\"{&quot;aperture&quot;:&quot;0&quot;,&quot;credit&quot;:&quot;&quot;,&quot;camera&quot;:&quot;&quot;,&quot;caption&quot;:&quot;&quot;,&quot;created_timestamp&quot;:&quot;0&quot;,&quot;copyright&quot;:&quot;&quot;,&quot;focal_length&quot;:&quot;0&quot;,&quot;iso&quot;:&quot;0&quot;,&quot;shutter_speed&quot;:&quot;0&quot;,&quot;title&quot;:&quot;&quot;,&quot;orientation&quot;:&quot;1&quot;}\" data-image-title=\"0B42A176-437F-4BFA-A989-3B4C70369B1B\" data-image-description=\"\" data-medium-file=\"https:\/\/i2.wp.com\/www.sy-sunrise.de\/wp-content\/uploads\/2022\/05\/0B42A176-437F-4BFA-A989-3B4C70369B1B.jpeg?fit=300%2C200\" data-large-file=\"https:\/\/i2.wp.com\/www.sy-sunrise.de\/wp-content\/uploads\/2022\/05\/0B42A176-437F-4BFA-A989-3B4C70369B1B.jpeg?fit=640%2C427\" loading=\"lazy\" src=\"https:\/\/i2.wp.com\/www.sy-sunrise.de\/wp-content\/uploads\/2022\/05\/0B42A176-437F-4BFA-A989-3B4C70369B1B.jpeg?resize=640%2C427\" alt=\"\" width=\"640\" height=\"427\" class=\"size-full wp-image-9487\" srcset=\"https:\/\/i2.wp.com\/www.sy-sunrise.de\/wp-content\/uploads\/2022\/05\/0B42A176-437F-4BFA-A989-3B4C70369B1B.jpeg?w=640 640w, https:\/\/i2.wp.com\/www.sy-sunrise.de\/wp-content\/uploads\/2022\/05\/0B42A176-437F-4BFA-A989-3B4C70369B1B.jpeg?resize=300%2C200 300w\" sizes=\"(max-width: 640px) 100vw, 640px\" data-recalc-dims=\"1\" \/><\/a><p id=\"caption-attachment-9487\" class=\"wp-caption-text\">Kapelle Ermida de Nossa Senhora da Paz<br \/>Bei Vila Franca Do Campo<\/p><\/div>\n<p>Es ist nicht genug und wenn\u2019s nicht genug ist, ist es auch noch nicht zu Ende!!!<\/p>\n<p>Erster Urlaub im Atlantik ohne Sunrise<br \/>\nLange habe mit mir gerungen, ob ich meine Sy_Sunrise Website weiter pflege. Die Sunrise haben wir im letzten Herbst verkauft; Walter hatte sich mit seinen Argumenten durchgesetzt. Ich war immer dagegen und Walter bereut es zwischenzeitlich (er gibt es zwar nicht zu, aber es ist so). Sie fehlt. Nun ist es wie es ist und die Sunrise liegt mit neuem Eigner in Lelystad\/Holland im ruhigen flachen IJsselmeer und muss sich nun nicht mehr mit unbotm\u00e4\u00dfigen Atlantikwellen rumschlagen. <\/p>\n<p>Nachdem wir im letzten Jahr unsere Sunrise an der US-Ostk\u00fcste verladen und per Decksfracht nach Rotterdam bringen lie\u00dfen, wir sie also nicht selbst \u00fcber den Atlantik zur\u00fcck nach Europa segelten, blieb uns der Zwischenstopp auf den Azoren verwehrt. Die Azoren blieben jedoch ganz oben auf meiner Bucket-List. Wenn nicht mit dem Segelschiff, dann eben mit dem Flieger!<\/p>\n<p>Nun sind wir hier auf S\u00e3o Miguel in einem sch\u00f6nen Hotel in Ponta Delgada und unser erster Weg f\u00fchrte uns in den Hafen von Vila Franca um unsere mutigen Nord-Atlantik-\u00dcberquerer Moni und Harald auf ihrer SY Vector zu besuchen. Wir verbrachten einen sch\u00f6nen Tag zusammen, konnten die ersten Eindr\u00fccke der tiefgr\u00fcnen bergigen Landschaft genie\u00dfen und nebenbei noch ein paar H\u00f6henmeter machen. Die Kapelle Ermida da Nossa Senhora da Paz liegt hoch \u00fcber Vila Franca und ist besonders wegen ihres reich verzierten Treppenaufgangs bekannt.<br \/>\nSchon allein der Ausblick in die endlose Weite des Atlantiks ist jeden H\u00f6henmeter wert. <\/p>\n","protected":false},"excerpt":{"rendered":"<p>Es ist nicht genug und wenn\u2019s nicht genug ist, ist es auch noch nicht zu Ende!!! Erster Urlaub im Atlantik ohne Sunrise Lange habe mit mir gerungen, ob ich meine Sy_Sunrise Website weiter pflege. Die &hellip; <a href=\"http:\/\/www.sy-sunrise.de\/?p=9492\">Weiterlesen<\/a><\/p>\n","protected":false},"author":3,"featured_media":0,"comment_status":"closed","ping_status":"closed","sticky":false,"template":"","format":"standard","meta":{"spay_email":""},"categories":[1],"tags":[],"jetpack_featured_media_url":"","jetpack_shortlink":"https:\/\/wp.me\/p4ov3v-2t6","_links":{"self":[{"href":"http:\/\/www.sy-sunrise.de\/index.php?rest_route=\/wp\/v2\/posts\/9492"}],"collection":[{"href":"http:\/\/www.sy-sunrise.de\/index.php?rest_route=\/wp\/v2\/posts"}],"about":[{"href":"http:\/\/www.sy-sunrise.de\/index.php?rest_route=\/wp\/v2\/types\/post"}],"author":[{"embeddable":true,"href":"http:\/\/www.sy-sunrise.de\/index.php?rest_route=\/wp\/v2\/users\/3"}],"replies":[{"embeddable":true,"href":"http:\/\/www.sy-sunrise.de\/index.php?rest_route=%2Fwp%2Fv2%2Fcomments&post=9492"}],"version-history":[{"count":2,"href":"http:\/\/www.sy-sunrise.de\/index.php?rest_route=\/wp\/v2\/posts\/9492\/revisions"}],"predecessor-version":[{"id":9494,"href":"http:\/\/www.sy-sunrise.de\/index.php?rest_route=\/wp\/v2\/posts\/9492\/revisions\/9494"}],"wp:attachment":[{"href":"http:\/\/www.sy-sunrise.de\/index.php?rest_route=%2Fwp%2Fv2%2Fmedia&parent=9492"}],"wp:term":[{"taxonomy":"category","embeddable":true,"href":"http:\/\/www.sy-sunrise.de\/index.php?rest_route=%2Fwp%2Fv2%2Fcategories&post=9492"},{"taxonomy":"post_tag","embeddable":true,"href":"http:\/\/www.sy-sunrise.de\/index.php?rest_route=%2Fwp%2Fv2%2Ftags&post=9492"}],"curies":[{"name":"wp","href":"https:\/\/api.w.org\/{rel}","templated":true}]}}