{"id":3064,"date":"2015-08-01T14:51:09","date_gmt":"2015-08-01T12:51:09","guid":{"rendered":"http:\/\/www.sy-sunrise.de\/?p=3064"},"modified":"2015-08-03T01:25:39","modified_gmt":"2015-08-02T23:25:39","slug":"kultursommer-in-deutschland_5","status":"publish","type":"post","link":"http:\/\/www.sy-sunrise.de\/?p=3064","title":{"rendered":"Kultursommer in Deutschland_5"},"content":{"rendered":"<p>Der Gro\u00dfraum Stuttgart rockt! Ist alles so vielf\u00e4ltig hier \u2013 wir k\u00f6nnen uns gar nicht entscheiden. Eine Woche lang Zeltfestival in Winterbach, OpenAir Kinos auf der Burg in Esslingen, in Waiblingen, im Mercedes-Benz-Museum in Stuttgart, Donnerjazz auf dem Schurwald im Dulkh\u00e4usle, 25Jahre Livemusik Esslingen e.V. u.v.m.<br \/>\nDonnerstags beim Livejazz am Dulkh\u00e4usle sind wir Stammg\u00e4ste. Wir nehmen unsere Klappst\u00fchle und Fleecedecken mit und setzen uns auf die Wiese neben der B\u00fchne. Das hat mehrere Vorteile: Man\/Frau trifft immer wieder alte und liebgewonnene Freunde, kann ratschen (quatschen und l\u00e4stern) ohne dass die Musikliebhaber auf der Terrasse gest\u00f6rt werden, es gibt keinen Verzehrzwang und es kostet erst mal nichts. Nach Belieben kann Wein, Bier, Wasser oder Gegrilltes an der Selbstbedienungstheke geholt werden. Kann, aber muss nicht. Im Laufe des Abends kommt die Spendenkasse vorbei und jeder kann \u2013 aber muss nicht einen Beitrag leisten. Selbstverst\u00e4ndlich spenden Alle, die H\u00f6he entscheidet jeder selbst. Durch und durch entspannt.<br \/>\nAnl\u00e4sslich des 25j\u00e4hrigen Jubil\u00e4ums des Live Musik Esslingen e.V. gab es jetzt drei Tage infolge ein sehr gutes Programm: Am Donnerstag Julia Ehninger Quartett, am Freitag Axel K\u00fchn Trio und am Samstag das Esslinger Jazz Projekt. Das Axel K\u00fchn Trio m\u00f6gen wir sehr. So sehr, dass wir sogar rechtzeitig gekommen sind, um auf der Terrasse direkt vor der B\u00fchne einen Sitzplatz zu bekommen. Drei hochkar\u00e4tige Musiker, Axel K\u00fchn (Landesjazzpreistr\u00e4ger), Kontrabass, Marcel Gustke, Schlagzeug und Ull M\u00f6ck am Klavier. Ein vollendeter Abend. Selbstredend haben wir die CD des Trios gekauft, sie wird uns aufs Schiff begleiten.<br \/>\n<div id=\"attachment_3066\" style=\"width: 810px\" class=\"wp-caption aligncenter\"><a href=\"https:\/\/i0.wp.com\/www.sy-sunrise.de\/wp-content\/uploads\/2015\/08\/IMG_1337k.jpg\"><img aria-describedby=\"caption-attachment-3066\" data-attachment-id=\"3066\" data-permalink=\"http:\/\/www.sy-sunrise.de\/?attachment_id=3066\" data-orig-file=\"https:\/\/i0.wp.com\/www.sy-sunrise.de\/wp-content\/uploads\/2015\/08\/IMG_1337k.jpg?fit=800%2C598\" data-orig-size=\"800,598\" data-comments-opened=\"0\" data-image-meta=\"{&quot;aperture&quot;:&quot;2.8&quot;,&quot;credit&quot;:&quot;&quot;,&quot;camera&quot;:&quot;iPhone 4&quot;,&quot;caption&quot;:&quot;&quot;,&quot;created_timestamp&quot;:&quot;1438378433&quot;,&quot;copyright&quot;:&quot;&quot;,&quot;focal_length&quot;:&quot;3.85&quot;,&quot;iso&quot;:&quot;500&quot;,&quot;shutter_speed&quot;:&quot;0.0666666666667&quot;,&quot;title&quot;:&quot;&quot;,&quot;orientation&quot;:&quot;1&quot;}\" data-image-title=\"Axel K\u00fchn Trio\" data-image-description=\"\" data-medium-file=\"https:\/\/i0.wp.com\/www.sy-sunrise.de\/wp-content\/uploads\/2015\/08\/IMG_1337k.jpg?fit=300%2C224\" data-large-file=\"https:\/\/i0.wp.com\/www.sy-sunrise.de\/wp-content\/uploads\/2015\/08\/IMG_1337k.jpg?fit=780%2C583\" loading=\"lazy\" src=\"https:\/\/i0.wp.com\/www.sy-sunrise.de\/wp-content\/uploads\/2015\/08\/IMG_1337k.jpg?resize=780%2C583\" alt=\"Uli M\u00f6ck, Axel K\u00fchn, Marcel Gustke\" width=\"780\" height=\"583\" class=\"size-full wp-image-3066\" srcset=\"https:\/\/i0.wp.com\/www.sy-sunrise.de\/wp-content\/uploads\/2015\/08\/IMG_1337k.jpg?w=800 800w, https:\/\/i0.wp.com\/www.sy-sunrise.de\/wp-content\/uploads\/2015\/08\/IMG_1337k.jpg?resize=300%2C224 300w\" sizes=\"(max-width: 780px) 100vw, 780px\" data-recalc-dims=\"1\" \/><\/a><p id=\"caption-attachment-3066\" class=\"wp-caption-text\">Ull M\u00f6ck, Axel K\u00fchn, Marcel Gustke<\/p><\/div><\/p>\n","protected":false},"excerpt":{"rendered":"<p>Der Gro\u00dfraum Stuttgart rockt! Ist alles so vielf\u00e4ltig hier \u2013 wir k\u00f6nnen uns gar nicht entscheiden. Eine Woche lang Zeltfestival in Winterbach, OpenAir Kinos auf der Burg in Esslingen, in Waiblingen, im Mercedes-Benz-Museum in Stuttgart, &hellip; <a href=\"http:\/\/www.sy-sunrise.de\/?p=3064\">Weiterlesen<\/a><\/p>\n","protected":false},"author":3,"featured_media":0,"comment_status":"closed","ping_status":"closed","sticky":false,"template":"","format":"standard","meta":{"spay_email":""},"categories":[1],"tags":[],"jetpack_featured_media_url":"","jetpack_shortlink":"https:\/\/wp.me\/p4ov3v-Nq","_links":{"self":[{"href":"http:\/\/www.sy-sunrise.de\/index.php?rest_route=\/wp\/v2\/posts\/3064"}],"collection":[{"href":"http:\/\/www.sy-sunrise.de\/index.php?rest_route=\/wp\/v2\/posts"}],"about":[{"href":"http:\/\/www.sy-sunrise.de\/index.php?rest_route=\/wp\/v2\/types\/post"}],"author":[{"embeddable":true,"href":"http:\/\/www.sy-sunrise.de\/index.php?rest_route=\/wp\/v2\/users\/3"}],"replies":[{"embeddable":true,"href":"http:\/\/www.sy-sunrise.de\/index.php?rest_route=%2Fwp%2Fv2%2Fcomments&post=3064"}],"version-history":[{"count":3,"href":"http:\/\/www.sy-sunrise.de\/index.php?rest_route=\/wp\/v2\/posts\/3064\/revisions"}],"predecessor-version":[{"id":3068,"href":"http:\/\/www.sy-sunrise.de\/index.php?rest_route=\/wp\/v2\/posts\/3064\/revisions\/3068"}],"wp:attachment":[{"href":"http:\/\/www.sy-sunrise.de\/index.php?rest_route=%2Fwp%2Fv2%2Fmedia&parent=3064"}],"wp:term":[{"taxonomy":"category","embeddable":true,"href":"http:\/\/www.sy-sunrise.de\/index.php?rest_route=%2Fwp%2Fv2%2Fcategories&post=3064"},{"taxonomy":"post_tag","embeddable":true,"href":"http:\/\/www.sy-sunrise.de\/index.php?rest_route=%2Fwp%2Fv2%2Ftags&post=3064"}],"curies":[{"name":"wp","href":"https:\/\/api.w.org\/{rel}","templated":true}]}}