{"id":1882,"date":"2014-12-15T23:26:15","date_gmt":"2014-12-15T21:26:15","guid":{"rendered":"http:\/\/www.sy-sunrise.de\/?p=1882"},"modified":"2014-12-19T03:13:01","modified_gmt":"2014-12-19T01:13:01","slug":"la-island-bonita_5","status":"publish","type":"post","link":"http:\/\/www.sy-sunrise.de\/?p=1882","title":{"rendered":"La Isla Bonita_5"},"content":{"rendered":"<p>Wir machten einen neuen Versuch den rauen Norden von La Palma zu erkunden. Der Himmel war am Vormittag stechend blau, somit stand unserer Bergwanderung am Roque de los Muchachos scheinbar nichts im Wege. Mit dem Auto fuhren wir eine knappe Stunde, die Au\u00dfentemperatur auf 2000 Meter H\u00f6he erreichte trotz Sonne gerade mal 4 Grad und die Stra\u00dfe durch den Kiefern- und Pinienwald war noch sehr feucht. Oberhalb der Baumgrenze war die Stra\u00dfe trocken, jedoch im Bereich zwischen dem Abzeig zu den Observatorien und dem Mirador de los Andenes, im Schatten der Felsw\u00e4nde, spiegelglatt. Nachdem Walter dies realisiert hatte, ist er sofort an der n\u00e4chsten Ausbuchtung rechts ran gefahren. Mit einem Kleinwagen mit Sommerreifen eine kluge Entscheidung. Zu Fu\u00df sind wir dann auf der Stra\u00dfe zum Mirador geeiert um die Eislage zu sondieren. Es war nur noch eine Stelle mit knapp 100 Metern auf unserer Fahrbahnseite total vereist, auf der Gegenfahrbahn war der \u00e4u\u00dferste Streifen einigerma\u00dfen frei. Die Autos die von Santa Cruz herauf kamen, hatten keine Probleme mit Vereisung. Also fuhren wir den Wagen auf der Gegenfahrbahn die 100 Meter runter auf den Parkplatz beim Mirador.<br \/>\n<a href=\"https:\/\/i1.wp.com\/www.sy-sunrise.de\/wp-content\/uploads\/2014\/12\/Mirador.jpg\"><img data-attachment-id=\"1887\" data-permalink=\"http:\/\/www.sy-sunrise.de\/?attachment_id=1887\" data-orig-file=\"https:\/\/i1.wp.com\/www.sy-sunrise.de\/wp-content\/uploads\/2014\/12\/Mirador.jpg?fit=600%2C400\" data-orig-size=\"600,400\" data-comments-opened=\"0\" data-image-meta=\"{&quot;aperture&quot;:&quot;16&quot;,&quot;credit&quot;:&quot;Elke Valentin&quot;,&quot;camera&quot;:&quot;Canon EOS 550D&quot;,&quot;caption&quot;:&quot;&quot;,&quot;created_timestamp&quot;:&quot;1418656706&quot;,&quot;copyright&quot;:&quot;&quot;,&quot;focal_length&quot;:&quot;17&quot;,&quot;iso&quot;:&quot;400&quot;,&quot;shutter_speed&quot;:&quot;0.005&quot;,&quot;title&quot;:&quot;&quot;,&quot;orientation&quot;:&quot;1&quot;}\" data-image-title=\"Mirador\" data-image-description=\"\" data-medium-file=\"https:\/\/i1.wp.com\/www.sy-sunrise.de\/wp-content\/uploads\/2014\/12\/Mirador.jpg?fit=300%2C200\" data-large-file=\"https:\/\/i1.wp.com\/www.sy-sunrise.de\/wp-content\/uploads\/2014\/12\/Mirador.jpg?fit=600%2C400\" loading=\"lazy\" src=\"https:\/\/i1.wp.com\/www.sy-sunrise.de\/wp-content\/uploads\/2014\/12\/Mirador.jpg?resize=300%2C200\" alt=\"Mirador\" width=\"300\" height=\"200\" class=\"alignnone size-medium wp-image-1887\" srcset=\"https:\/\/i1.wp.com\/www.sy-sunrise.de\/wp-content\/uploads\/2014\/12\/Mirador.jpg?resize=300%2C200 300w, https:\/\/i1.wp.com\/www.sy-sunrise.de\/wp-content\/uploads\/2014\/12\/Mirador.jpg?w=600 600w\" sizes=\"(max-width: 300px) 100vw, 300px\" data-recalc-dims=\"1\" \/><\/a><br \/>\nDick eingepackt mit M\u00fctze, Schal, Handschuhen und dicker Jacke gingen wir los. Schon nach wenigen Minuten und noch nicht einmal f\u00fcnf hundert Metern der Wegstrecke bemerkten wir, dass die Wolkendecke immer dichter wurde und sich \u00fcber die Bergr\u00fccken schob.<br \/>\n<a href=\"https:\/\/i1.wp.com\/www.sy-sunrise.de\/wp-content\/uploads\/2014\/12\/Roque-Muchachos.jpg\"><img data-attachment-id=\"1890\" data-permalink=\"http:\/\/www.sy-sunrise.de\/?attachment_id=1890\" data-orig-file=\"https:\/\/i1.wp.com\/www.sy-sunrise.de\/wp-content\/uploads\/2014\/12\/Roque-Muchachos.jpg?fit=1000%2C272\" data-orig-size=\"1000,272\" data-comments-opened=\"0\" data-image-meta=\"{&quot;aperture&quot;:&quot;6.3&quot;,&quot;credit&quot;:&quot;&quot;,&quot;camera&quot;:&quot;DMC-TZ41&quot;,&quot;caption&quot;:&quot;&quot;,&quot;created_timestamp&quot;:&quot;1418650922&quot;,&quot;copyright&quot;:&quot;&quot;,&quot;focal_length&quot;:&quot;4.3&quot;,&quot;iso&quot;:&quot;100&quot;,&quot;shutter_speed&quot;:&quot;0.003125&quot;,&quot;title&quot;:&quot;&quot;,&quot;orientation&quot;:&quot;1&quot;}\" data-image-title=\"Roque Muchachos\" data-image-description=\"\" data-medium-file=\"https:\/\/i1.wp.com\/www.sy-sunrise.de\/wp-content\/uploads\/2014\/12\/Roque-Muchachos.jpg?fit=300%2C81\" data-large-file=\"https:\/\/i1.wp.com\/www.sy-sunrise.de\/wp-content\/uploads\/2014\/12\/Roque-Muchachos.jpg?fit=780%2C212\" loading=\"lazy\" src=\"https:\/\/i1.wp.com\/www.sy-sunrise.de\/wp-content\/uploads\/2014\/12\/Roque-Muchachos.jpg?resize=300%2C81\" alt=\"Roque Muchachos\" width=\"300\" height=\"81\" class=\"alignnone size-medium wp-image-1890\" srcset=\"https:\/\/i1.wp.com\/www.sy-sunrise.de\/wp-content\/uploads\/2014\/12\/Roque-Muchachos.jpg?resize=300%2C81 300w, https:\/\/i1.wp.com\/www.sy-sunrise.de\/wp-content\/uploads\/2014\/12\/Roque-Muchachos.jpg?w=1000 1000w\" sizes=\"(max-width: 300px) 100vw, 300px\" data-recalc-dims=\"1\" \/><\/a><br \/>\nDer blaue Himmel war zur grau milchigen Masse geworden und zu allem \u00dcberfluss wurde es richtig feucht. Keine Chance mehr sicher weiter zu gehen. Schon recht nass kehrten wir wieder um und beeilten uns zum Wagen zu kommen, denn wir bef\u00fcrchteten, dass der Spr\u00fchnebel auf der kalten Bergstra\u00dfe zu Eis werden w\u00fcrde. Vereinzelt hatte sich auch schon Eis an Zweigen und \u00c4sten der Str\u00e4ucher gebildet. So fuhren wir auf der anderen Seite Richtung Santa Cruz im dichten Nebel wieder ins Tal.<br \/>\n<a href=\"https:\/\/i0.wp.com\/www.sy-sunrise.de\/wp-content\/uploads\/2014\/12\/Nebel-zieht-auf.jpg\"><img data-attachment-id=\"1888\" data-permalink=\"http:\/\/www.sy-sunrise.de\/?attachment_id=1888\" data-orig-file=\"https:\/\/i0.wp.com\/www.sy-sunrise.de\/wp-content\/uploads\/2014\/12\/Nebel-zieht-auf.jpg?fit=600%2C400\" data-orig-size=\"600,400\" data-comments-opened=\"0\" data-image-meta=\"{&quot;aperture&quot;:&quot;9&quot;,&quot;credit&quot;:&quot;Elke Valentin&quot;,&quot;camera&quot;:&quot;Canon EOS 550D&quot;,&quot;caption&quot;:&quot;&quot;,&quot;created_timestamp&quot;:&quot;1418658314&quot;,&quot;copyright&quot;:&quot;&quot;,&quot;focal_length&quot;:&quot;17&quot;,&quot;iso&quot;:&quot;100&quot;,&quot;shutter_speed&quot;:&quot;0.005&quot;,&quot;title&quot;:&quot;&quot;,&quot;orientation&quot;:&quot;1&quot;}\" data-image-title=\"Nebel zieht auf\" data-image-description=\"\" data-medium-file=\"https:\/\/i0.wp.com\/www.sy-sunrise.de\/wp-content\/uploads\/2014\/12\/Nebel-zieht-auf.jpg?fit=300%2C200\" data-large-file=\"https:\/\/i0.wp.com\/www.sy-sunrise.de\/wp-content\/uploads\/2014\/12\/Nebel-zieht-auf.jpg?fit=600%2C400\" loading=\"lazy\" src=\"https:\/\/i0.wp.com\/www.sy-sunrise.de\/wp-content\/uploads\/2014\/12\/Nebel-zieht-auf.jpg?resize=300%2C200\" alt=\"Nebel zieht auf\" width=\"300\" height=\"200\" class=\"alignnone size-medium wp-image-1888\" srcset=\"https:\/\/i0.wp.com\/www.sy-sunrise.de\/wp-content\/uploads\/2014\/12\/Nebel-zieht-auf.jpg?resize=300%2C200 300w, https:\/\/i0.wp.com\/www.sy-sunrise.de\/wp-content\/uploads\/2014\/12\/Nebel-zieht-auf.jpg?w=600 600w\" sizes=\"(max-width: 300px) 100vw, 300px\" data-recalc-dims=\"1\" \/><\/a><br \/>\nUnterhalb der Wolken stellte sich dann Bindfadenregen ein, kein Wunder, denn wir waren ja nun auf der Ostseite von La Palma und da regnet es offensichtlich zu dieser Jahreszeit immer. Aus der Wandertour wurde nun sightseeing mit dem Mietauto. Zur\u00fcck nach Tazacorte fuhren wir \u00fcber die LP 1, die ganz im Norden der K\u00fcstenlinie folgt und sp\u00e4ter im Nordwesten auf die LP 4 trifft. Gewaltige Barancos mussten durchfahren werden, die Stra\u00dfe schl\u00e4ngelte sich in Serpentinen den Berg hinauf und wieder herunter und dies einige Male. Beeindruckende gr\u00fcne T\u00e4ler, vereinzelt Weinanbaugebiete und wundersch\u00f6ner Lorbeerwald alles auf wenigen Quadratkilometern und in einer sehr d\u00fcnn besiedelten Region, das ist der Norden von La Palma. Es war bereits dunkel als wir zur\u00fcck auf dem Schiff waren und das Abendessen vorbereiten; da steckte Nico den Kopf durch den Niedergang. Er hatte sich angew\u00f6hnt, immer erst bei uns nach dem Rechten (sprich Futter) zu sehen, bevor er dann mit den Chulugis auf das eigene Schiff geht.<br \/>\nNico hatte vollen Erfolg, denn spontan wurden die Portionen verdoppelt und so verbrachten wir einen sch\u00f6nen Abend mit Joanna, Marcel und Hund Nico auf der Sunrise.<\/p>\n","protected":false},"excerpt":{"rendered":"<p>Wir machten einen neuen Versuch den rauen Norden von La Palma zu erkunden. Der Himmel war am Vormittag stechend blau, somit stand unserer Bergwanderung am Roque de los Muchachos scheinbar nichts im Wege. Mit dem &hellip; <a href=\"http:\/\/www.sy-sunrise.de\/?p=1882\">Weiterlesen<\/a><\/p>\n","protected":false},"author":3,"featured_media":1886,"comment_status":"closed","ping_status":"closed","sticky":false,"template":"","format":"standard","meta":{"spay_email":""},"categories":[1],"tags":[],"jetpack_featured_media_url":"https:\/\/i2.wp.com\/www.sy-sunrise.de\/wp-content\/uploads\/2014\/12\/Muchachos.jpg?fit=600%2C400","jetpack_shortlink":"https:\/\/wp.me\/p4ov3v-um","_links":{"self":[{"href":"http:\/\/www.sy-sunrise.de\/index.php?rest_route=\/wp\/v2\/posts\/1882"}],"collection":[{"href":"http:\/\/www.sy-sunrise.de\/index.php?rest_route=\/wp\/v2\/posts"}],"about":[{"href":"http:\/\/www.sy-sunrise.de\/index.php?rest_route=\/wp\/v2\/types\/post"}],"author":[{"embeddable":true,"href":"http:\/\/www.sy-sunrise.de\/index.php?rest_route=\/wp\/v2\/users\/3"}],"replies":[{"embeddable":true,"href":"http:\/\/www.sy-sunrise.de\/index.php?rest_route=%2Fwp%2Fv2%2Fcomments&post=1882"}],"version-history":[{"count":5,"href":"http:\/\/www.sy-sunrise.de\/index.php?rest_route=\/wp\/v2\/posts\/1882\/revisions"}],"predecessor-version":[{"id":1893,"href":"http:\/\/www.sy-sunrise.de\/index.php?rest_route=\/wp\/v2\/posts\/1882\/revisions\/1893"}],"wp:featuredmedia":[{"embeddable":true,"href":"http:\/\/www.sy-sunrise.de\/index.php?rest_route=\/wp\/v2\/media\/1886"}],"wp:attachment":[{"href":"http:\/\/www.sy-sunrise.de\/index.php?rest_route=%2Fwp%2Fv2%2Fmedia&parent=1882"}],"wp:term":[{"taxonomy":"category","embeddable":true,"href":"http:\/\/www.sy-sunrise.de\/index.php?rest_route=%2Fwp%2Fv2%2Fcategories&post=1882"},{"taxonomy":"post_tag","embeddable":true,"href":"http:\/\/www.sy-sunrise.de\/index.php?rest_route=%2Fwp%2Fv2%2Ftags&post=1882"}],"curies":[{"name":"wp","href":"https:\/\/api.w.org\/{rel}","templated":true}]}}