{"id":1858,"date":"2014-12-13T02:41:46","date_gmt":"2014-12-13T00:41:46","guid":{"rendered":"http:\/\/www.sy-sunrise.de\/?p=1858"},"modified":"2014-12-15T03:07:57","modified_gmt":"2014-12-15T01:07:57","slug":"la-isla-bonita_3","status":"publish","type":"post","link":"http:\/\/www.sy-sunrise.de\/?p=1858","title":{"rendered":"La Isla Bonita_3"},"content":{"rendered":"<p>Freitag, 12.12. ist um 8:30 Uhr der Krantermin f\u00fcr die Sunrise. Na ja, nach spanischer Zeitrechnung war es dann 10 Uhr und die beiden Kranspezialisten machten eher den Eindruck einer Spa\u00dfcombo. Aber sie beherrschten den Kran und die Tragegurte. Die hintere Gurte hatten sie exakt 1 cm neben dem zu tauschenden Seeventil platziert. Die Sunrise schwebte aus dem Wasser, wobei schweben relativ ist, immerhin hat sie auf dem Display des Kranspezialisten ein Gewicht von 11,5 Tonnen angezeigt. Ziemlich viel, zumal ihr Leergewicht mit 9 Tonnen angegeben ist und wir au\u00dfer den vollen Wasser- und Dieseltanks noch gar keinen gro\u00dfen Proviantvorrat an Bord haben.<br \/>\n<a href=\"https:\/\/i2.wp.com\/www.sy-sunrise.de\/wp-content\/uploads\/2014\/12\/Spa\u00dfcombo.jpg\"><img data-attachment-id=\"1869\" data-permalink=\"http:\/\/www.sy-sunrise.de\/?attachment_id=1869\" data-orig-file=\"https:\/\/i2.wp.com\/www.sy-sunrise.de\/wp-content\/uploads\/2014\/12\/Spa\u00dfcombo.jpg?fit=600%2C450\" data-orig-size=\"600,450\" data-comments-opened=\"0\" data-image-meta=\"{&quot;aperture&quot;:&quot;3.3&quot;,&quot;credit&quot;:&quot;&quot;,&quot;camera&quot;:&quot;DMC-TZ41&quot;,&quot;caption&quot;:&quot;&quot;,&quot;created_timestamp&quot;:&quot;1418380560&quot;,&quot;copyright&quot;:&quot;&quot;,&quot;focal_length&quot;:&quot;4.3&quot;,&quot;iso&quot;:&quot;100&quot;,&quot;shutter_speed&quot;:&quot;0.004&quot;,&quot;title&quot;:&quot;&quot;,&quot;orientation&quot;:&quot;1&quot;}\" data-image-title=\"Spa\u00dfcombo\" data-image-description=\"\" data-medium-file=\"https:\/\/i2.wp.com\/www.sy-sunrise.de\/wp-content\/uploads\/2014\/12\/Spa\u00dfcombo.jpg?fit=300%2C225\" data-large-file=\"https:\/\/i2.wp.com\/www.sy-sunrise.de\/wp-content\/uploads\/2014\/12\/Spa\u00dfcombo.jpg?fit=600%2C450\" loading=\"lazy\" src=\"https:\/\/i2.wp.com\/www.sy-sunrise.de\/wp-content\/uploads\/2014\/12\/Spa\u00dfcombo.jpg?resize=300%2C225\" alt=\"Spa\u00dfcombo\" width=\"300\" height=\"225\" class=\"alignnone size-medium wp-image-1869\" srcset=\"https:\/\/i2.wp.com\/www.sy-sunrise.de\/wp-content\/uploads\/2014\/12\/Spa\u00dfcombo.jpg?resize=300%2C225 300w, https:\/\/i2.wp.com\/www.sy-sunrise.de\/wp-content\/uploads\/2014\/12\/Spa\u00dfcombo.jpg?w=600 600w\" sizes=\"(max-width: 300px) 100vw, 300px\" data-recalc-dims=\"1\" \/><\/a><br \/>\nDer Austausch des Seeventils, bzw. des Borddurchlasses wurde vom Marineservice El Chopo durchgef\u00fchrt. Unseres Erachtens zu schnell, da sie das Aush\u00e4rten der Dichtungsmasse (Sika) nicht abgewartet haben. Wir hingen bis 16 Uhr im Kran und wurden dann kurz vor Feierabend und dem Wochenende wieder ins Wasser gelassen. Der Austausch des Borddurchlasses war v\u00f6llig f\u00fcr die Katz\u00b4, weil der alte noch pfenniggut war. Die undichte Stelle kam von der Verbindung des Borddurchlasses mit dem Seeventil. Hier war vormals schlampig gearbeitet worden, die Abdichtung mit Hanf war undicht und der Hanf hatte sich mit dem Abwasser des F\u00e4kalientanks durchtr\u00e4nkt und tr\u00f6pfchenweise in den Unterschrank des Waschbeckens geleckt. Hat auch dementsprechend gerochen. Auf jeden Fall ist nun der Borddurchlass neu, aber das Seeventil ist noch das alte, wurde jedoch gereinigt und die Verbindungsstelle zum Borddurchlass wurde neu abgedichtet. Aktuell, nach 2 Tagen im Hafen, ist noch alles dicht \u2013 wir hoffen, dass das auch unter Belastung so bleibt. Am fr\u00fchen Abend ging es mit der Chulugi-Crew noch nach La Laguna zum offenen Atelier des deutschen Malers Hagen Westphal, der vor 25 Jahren aus Bremerhaven nach La Palma gekommen ist. Sehr interessante Bilder auf kanarischem Pinienholz, Altholz und auch sehr sch\u00f6ne Aquarelle waren zu sehen \u2013 nur einen Nagel in die Wand zu schlagen, um ein Bild aufzuh\u00e4ngen geht nun mal ganz schlecht auf einem Boot.<br \/>\nAm Samstagvormittag haben wir mit der Chulugi-Crew (Joanna, Marcel und Hund Nico) eine Fahrt zum Wochenmarkt in El Paso gemacht. Marcel spricht spanisch und mit seiner \u00dcbersetzungshilfe habe ich mich endlich an die einheimischen Fr\u00fcchte gewagt. Ich habe Mandelk\u00e4se, Ziegenfrischk\u00e4se, Birnenmelonen, s\u00fc\u00dfe Tomaten (den spanischen Namen habe ich leider vergessen) und eine Kartoffelgurke (hei\u00dft nicht wirklich so, aber hat die Form einer schrumpeligen gro\u00dfen Kartoffel und die Farbe einer Gurke) gekauft. Die Kartoffelgurke muss erst noch verarbeitet werden, die Birnenmelone und die s\u00fc\u00dfen Tomaten sind schon verzehrt. Weiter ging es zu den deutsch-polnischen Glasbl\u00e4sern nach Los Llanos. Nur sehr schwer konnten wir uns auf 3 Glaskugeln beschr\u00e4nken, wir h\u00e4tten sehr gerne noch Blumenvasen, Obstschalen, Weingl\u00e4ser, Teelichtgl\u00e4ser und anderes mitgenommen. \u00dcberaus geschmackvolle Farbkombinationen und auch Gl\u00e4ser mit Lavasteineinschl\u00fcssen (glasklar mit schwarzen Schlieren) stellen die beiden Glasbl\u00e4ser her. Am Nachmittag ging es weiter zu einer kanarischen Bierbrauerei (nach belgischem Rezept) mit Direktverkauf und Tapas-Restaurant. Lecker Bierchen getrunken und leckere Tapas gegessen. Der n\u00e4chste Stopp war der Markt in Puntagorda, da unser Verdauungsspaziergang dem Regen zum Opfer fiel. Wir konnten nur kurz einen uralten Drachenbaum unmittelbar an der Verbindungsstra\u00dfe zwischen Puntagorda und Tazacorte anschauen, weitere Wege waren aufgrund der sintflutartigen Regenschauer unm\u00f6glich.<br \/>\n<a href=\"https:\/\/i2.wp.com\/www.sy-sunrise.de\/wp-content\/uploads\/2014\/12\/La-Palma-k.jpg\"><img data-attachment-id=\"1868\" data-permalink=\"http:\/\/www.sy-sunrise.de\/?attachment_id=1868\" data-orig-file=\"https:\/\/i2.wp.com\/www.sy-sunrise.de\/wp-content\/uploads\/2014\/12\/La-Palma-k.jpg?fit=600%2C450\" data-orig-size=\"600,450\" data-comments-opened=\"0\" data-image-meta=\"{&quot;aperture&quot;:&quot;3.3&quot;,&quot;credit&quot;:&quot;&quot;,&quot;camera&quot;:&quot;DMC-TZ41&quot;,&quot;caption&quot;:&quot;&quot;,&quot;created_timestamp&quot;:&quot;1418493400&quot;,&quot;copyright&quot;:&quot;&quot;,&quot;focal_length&quot;:&quot;4.3&quot;,&quot;iso&quot;:&quot;100&quot;,&quot;shutter_speed&quot;:&quot;0.0015625&quot;,&quot;title&quot;:&quot;&quot;,&quot;orientation&quot;:&quot;1&quot;}\" data-image-title=\"La Palma k\" data-image-description=\"\" data-medium-file=\"https:\/\/i2.wp.com\/www.sy-sunrise.de\/wp-content\/uploads\/2014\/12\/La-Palma-k.jpg?fit=300%2C225\" data-large-file=\"https:\/\/i2.wp.com\/www.sy-sunrise.de\/wp-content\/uploads\/2014\/12\/La-Palma-k.jpg?fit=600%2C450\" loading=\"lazy\" src=\"https:\/\/i2.wp.com\/www.sy-sunrise.de\/wp-content\/uploads\/2014\/12\/La-Palma-k.jpg?resize=300%2C225\" alt=\"La Palma k\" width=\"300\" height=\"225\" class=\"alignnone size-medium wp-image-1868\" srcset=\"https:\/\/i2.wp.com\/www.sy-sunrise.de\/wp-content\/uploads\/2014\/12\/La-Palma-k.jpg?resize=300%2C225 300w, https:\/\/i2.wp.com\/www.sy-sunrise.de\/wp-content\/uploads\/2014\/12\/La-Palma-k.jpg?w=600 600w\" sizes=\"(max-width: 300px) 100vw, 300px\" data-recalc-dims=\"1\" \/><\/a><br \/>\nZur\u00fcck in Tazacorte schien die Sonne; dies ist nicht ungew\u00f6hnlich, weil die hohen Berge an der Nordwestk\u00fcste von La Palma eine Wetterscheide darstellen. Tazacorte ist der Ort mit den meisten Sonnenstunden auf La Palma.<br \/>\n<a href=\"https:\/\/i1.wp.com\/www.sy-sunrise.de\/wp-content\/uploads\/2014\/12\/La-Palma_5-k.jpg\"><img data-attachment-id=\"1862\" data-permalink=\"http:\/\/www.sy-sunrise.de\/?attachment_id=1862\" data-orig-file=\"https:\/\/i1.wp.com\/www.sy-sunrise.de\/wp-content\/uploads\/2014\/12\/La-Palma_5-k.jpg?fit=600%2C450\" data-orig-size=\"600,450\" data-comments-opened=\"0\" data-image-meta=\"{&quot;aperture&quot;:&quot;5.6&quot;,&quot;credit&quot;:&quot;&quot;,&quot;camera&quot;:&quot;DMC-TZ41&quot;,&quot;caption&quot;:&quot;&quot;,&quot;created_timestamp&quot;:&quot;1418498018&quot;,&quot;copyright&quot;:&quot;&quot;,&quot;focal_length&quot;:&quot;41.3&quot;,&quot;iso&quot;:&quot;100&quot;,&quot;shutter_speed&quot;:&quot;0.00625&quot;,&quot;title&quot;:&quot;&quot;,&quot;orientation&quot;:&quot;1&quot;}\" data-image-title=\"La Palma_5 (k)\" data-image-description=\"\" data-medium-file=\"https:\/\/i1.wp.com\/www.sy-sunrise.de\/wp-content\/uploads\/2014\/12\/La-Palma_5-k.jpg?fit=300%2C225\" data-large-file=\"https:\/\/i1.wp.com\/www.sy-sunrise.de\/wp-content\/uploads\/2014\/12\/La-Palma_5-k.jpg?fit=600%2C450\" loading=\"lazy\" src=\"https:\/\/i1.wp.com\/www.sy-sunrise.de\/wp-content\/uploads\/2014\/12\/La-Palma_5-k.jpg?resize=300%2C225\" alt=\"La Palma_5 (k)\" width=\"300\" height=\"225\" class=\"alignnone size-medium wp-image-1862\" srcset=\"https:\/\/i1.wp.com\/www.sy-sunrise.de\/wp-content\/uploads\/2014\/12\/La-Palma_5-k.jpg?resize=300%2C225 300w, https:\/\/i1.wp.com\/www.sy-sunrise.de\/wp-content\/uploads\/2014\/12\/La-Palma_5-k.jpg?w=600 600w\" sizes=\"(max-width: 300px) 100vw, 300px\" data-recalc-dims=\"1\" \/><\/a><\/p>\n","protected":false},"excerpt":{"rendered":"<p>Freitag, 12.12. ist um 8:30 Uhr der Krantermin f\u00fcr die Sunrise. Na ja, nach spanischer Zeitrechnung war es dann 10 Uhr und die beiden Kranspezialisten machten eher den Eindruck einer Spa\u00dfcombo. Aber sie beherrschten den &hellip; <a href=\"http:\/\/www.sy-sunrise.de\/?p=1858\">Weiterlesen<\/a><\/p>\n","protected":false},"author":3,"featured_media":1870,"comment_status":"closed","ping_status":"closed","sticky":false,"template":"","format":"standard","meta":{"spay_email":""},"categories":[1],"tags":[],"jetpack_featured_media_url":"https:\/\/i1.wp.com\/www.sy-sunrise.de\/wp-content\/uploads\/2014\/12\/Seeventil-k.jpg?fit=600%2C450","jetpack_shortlink":"https:\/\/wp.me\/p4ov3v-tY","_links":{"self":[{"href":"http:\/\/www.sy-sunrise.de\/index.php?rest_route=\/wp\/v2\/posts\/1858"}],"collection":[{"href":"http:\/\/www.sy-sunrise.de\/index.php?rest_route=\/wp\/v2\/posts"}],"about":[{"href":"http:\/\/www.sy-sunrise.de\/index.php?rest_route=\/wp\/v2\/types\/post"}],"author":[{"embeddable":true,"href":"http:\/\/www.sy-sunrise.de\/index.php?rest_route=\/wp\/v2\/users\/3"}],"replies":[{"embeddable":true,"href":"http:\/\/www.sy-sunrise.de\/index.php?rest_route=%2Fwp%2Fv2%2Fcomments&post=1858"}],"version-history":[{"count":7,"href":"http:\/\/www.sy-sunrise.de\/index.php?rest_route=\/wp\/v2\/posts\/1858\/revisions"}],"predecessor-version":[{"id":1878,"href":"http:\/\/www.sy-sunrise.de\/index.php?rest_route=\/wp\/v2\/posts\/1858\/revisions\/1878"}],"wp:featuredmedia":[{"embeddable":true,"href":"http:\/\/www.sy-sunrise.de\/index.php?rest_route=\/wp\/v2\/media\/1870"}],"wp:attachment":[{"href":"http:\/\/www.sy-sunrise.de\/index.php?rest_route=%2Fwp%2Fv2%2Fmedia&parent=1858"}],"wp:term":[{"taxonomy":"category","embeddable":true,"href":"http:\/\/www.sy-sunrise.de\/index.php?rest_route=%2Fwp%2Fv2%2Fcategories&post=1858"},{"taxonomy":"post_tag","embeddable":true,"href":"http:\/\/www.sy-sunrise.de\/index.php?rest_route=%2Fwp%2Fv2%2Ftags&post=1858"}],"curies":[{"name":"wp","href":"https:\/\/api.w.org\/{rel}","templated":true}]}}