{"id":1822,"date":"2014-12-07T21:49:38","date_gmt":"2014-12-07T19:49:38","guid":{"rendered":"http:\/\/www.sy-sunrise.de\/?p=1822"},"modified":"2014-12-10T01:35:15","modified_gmt":"2014-12-09T23:35:15","slug":"advent","status":"publish","type":"post","link":"http:\/\/www.sy-sunrise.de\/?p=1822","title":{"rendered":"Advent"},"content":{"rendered":"<p>2. Advent<br \/>\nEs f\u00fchlt sich schon irgendwie unecht an, wenn bei 20 Grad die Menschen in kurzen Hosen und T-Shirt am (Plastik-)Weihnachtsbaum und an Leuchtsternen vorbei flanieren. Auf manchen Schiffen wird die Adventszeit gefeiert. Die franz\u00f6sischen Nachbarn feiern den Nikolaustag mit Nikolausm\u00fctzen, Glitterketten, Weihnachtskugel-Ohrringen und Tannenreisig im Haar. Ganz sch\u00f6n irreal.<br \/>\n<a href=\"https:\/\/i0.wp.com\/www.sy-sunrise.de\/wp-content\/uploads\/2014\/12\/nicolausi.jpg\"><img data-attachment-id=\"1829\" data-permalink=\"http:\/\/www.sy-sunrise.de\/?attachment_id=1829\" data-orig-file=\"https:\/\/i0.wp.com\/www.sy-sunrise.de\/wp-content\/uploads\/2014\/12\/nicolausi.jpg?fit=600%2C450\" data-orig-size=\"600,450\" data-comments-opened=\"0\" data-image-meta=\"{&quot;aperture&quot;:&quot;5.4&quot;,&quot;credit&quot;:&quot;&quot;,&quot;camera&quot;:&quot;DMC-TZ41&quot;,&quot;caption&quot;:&quot;&quot;,&quot;created_timestamp&quot;:&quot;1418070547&quot;,&quot;copyright&quot;:&quot;&quot;,&quot;focal_length&quot;:&quot;25.9&quot;,&quot;iso&quot;:&quot;2000&quot;,&quot;shutter_speed&quot;:&quot;0.25&quot;,&quot;title&quot;:&quot;&quot;,&quot;orientation&quot;:&quot;1&quot;}\" data-image-title=\"nicolausi\" data-image-description=\"\" data-medium-file=\"https:\/\/i0.wp.com\/www.sy-sunrise.de\/wp-content\/uploads\/2014\/12\/nicolausi.jpg?fit=300%2C225\" data-large-file=\"https:\/\/i0.wp.com\/www.sy-sunrise.de\/wp-content\/uploads\/2014\/12\/nicolausi.jpg?fit=600%2C450\" loading=\"lazy\" src=\"https:\/\/i0.wp.com\/www.sy-sunrise.de\/wp-content\/uploads\/2014\/12\/nicolausi.jpg?resize=300%2C225\" alt=\"nicolausi\" width=\"300\" height=\"225\" class=\"alignnone size-medium wp-image-1829\" srcset=\"https:\/\/i0.wp.com\/www.sy-sunrise.de\/wp-content\/uploads\/2014\/12\/nicolausi.jpg?resize=300%2C225 300w, https:\/\/i0.wp.com\/www.sy-sunrise.de\/wp-content\/uploads\/2014\/12\/nicolausi.jpg?w=600 600w\" sizes=\"(max-width: 300px) 100vw, 300px\" data-recalc-dims=\"1\" \/><\/a> <a href=\"https:\/\/i0.wp.com\/www.sy-sunrise.de\/wp-content\/uploads\/2014\/12\/P1040730-2k.jpg\"><img data-attachment-id=\"1819\" data-permalink=\"http:\/\/www.sy-sunrise.de\/?attachment_id=1819\" data-orig-file=\"https:\/\/i0.wp.com\/www.sy-sunrise.de\/wp-content\/uploads\/2014\/12\/P1040730-2k.jpg?fit=600%2C450\" data-orig-size=\"600,450\" data-comments-opened=\"0\" data-image-meta=\"{&quot;aperture&quot;:&quot;5.9&quot;,&quot;credit&quot;:&quot;&quot;,&quot;camera&quot;:&quot;DMC-TZ41&quot;,&quot;caption&quot;:&quot;&quot;,&quot;created_timestamp&quot;:&quot;1418070402&quot;,&quot;copyright&quot;:&quot;&quot;,&quot;focal_length&quot;:&quot;51.5&quot;,&quot;iso&quot;:&quot;2000&quot;,&quot;shutter_speed&quot;:&quot;0.25&quot;,&quot;title&quot;:&quot;&quot;,&quot;orientation&quot;:&quot;1&quot;}\" data-image-title=\"P1040730 (2)k\" data-image-description=\"\" data-medium-file=\"https:\/\/i0.wp.com\/www.sy-sunrise.de\/wp-content\/uploads\/2014\/12\/P1040730-2k.jpg?fit=300%2C225\" data-large-file=\"https:\/\/i0.wp.com\/www.sy-sunrise.de\/wp-content\/uploads\/2014\/12\/P1040730-2k.jpg?fit=600%2C450\" loading=\"lazy\" src=\"https:\/\/i0.wp.com\/www.sy-sunrise.de\/wp-content\/uploads\/2014\/12\/P1040730-2k.jpg?resize=300%2C225\" alt=\"P1040730 (2)k\" width=\"300\" height=\"225\" class=\"alignnone size-medium wp-image-1819\" srcset=\"https:\/\/i0.wp.com\/www.sy-sunrise.de\/wp-content\/uploads\/2014\/12\/P1040730-2k.jpg?resize=300%2C225 300w, https:\/\/i0.wp.com\/www.sy-sunrise.de\/wp-content\/uploads\/2014\/12\/P1040730-2k.jpg?w=600 600w\" sizes=\"(max-width: 300px) 100vw, 300px\" data-recalc-dims=\"1\" \/><\/a><br \/>\nSeit Samstagabend sind wir in der Marina Tazacorte auf der Westseite von La Palma. Das Marinaoffice hat leider bis Dienstag fr\u00fch geschlossen, weil auf den Kanaren am Montag ein Feiertag ist. Es ist sehr ruhig im Hafen, kein Schwell und Einrucken in die Festmacherleinen. Der Hafen hat in den letzten Jahren eine riesige neue Betonau\u00dfenmole erhalten (EU finanziert), sodass die heranrollenden Atlantikwellen gut ausgebremst werden. Es war geplant, dass auch F\u00e4hren den Hafen anlaufen, aber keine Gesellschaft wollte nach Tazacorte. Alles geht hier \u00fcber Santa Cruz de La Palma. Auf den Kanaren hei\u00dft alles Santa, La Palma, Las Palmas,Santa Cruz oder Puerto Cruz. Total verwirrend. Wir mussten erst mal die Pl\u00e4ne der sieben Kanareninseln verinnerlichen, um zu verstehen, von welcher Insel und von welchem Hafen die Leute eigentlich reden. Es kommen ja auch noch die Sprachprobleme, beiderseits, dazu. Die meisten Spanier sprechen noch schlechter Englisch als wir, die franz\u00f6sischen Segler sprechen wider Erwarten ein gutes Englisch, sodass Konversation durchaus m\u00f6glich ist. Hier im Hafen befindet sich fast schon eine deutsche Kolonie. Um uns rum liegen Chulugi (Bremerhafen), D\u00f6rtie (Emden), Helios (Burgtiefe), Volker von Alzei (Norddeich), Rosanna (Hamburg), Salida (Hamburg) und am Nachbarsteg auch noch welche. Sprache \u2013 kein Problem. Schw\u00e4bisch ist halt doch ne Weltsprache und wird auch auf den Kanaren verstanden!<\/p>\n","protected":false},"excerpt":{"rendered":"<p>2. Advent Es f\u00fchlt sich schon irgendwie unecht an, wenn bei 20 Grad die Menschen in kurzen Hosen und T-Shirt am (Plastik-)Weihnachtsbaum und an Leuchtsternen vorbei flanieren. Auf manchen Schiffen wird die Adventszeit gefeiert. Die &hellip; <a href=\"http:\/\/www.sy-sunrise.de\/?p=1822\">Weiterlesen<\/a><\/p>\n","protected":false},"author":3,"featured_media":1818,"comment_status":"closed","ping_status":"closed","sticky":false,"template":"","format":"standard","meta":{"spay_email":""},"categories":[1],"tags":[],"jetpack_featured_media_url":"https:\/\/i1.wp.com\/www.sy-sunrise.de\/wp-content\/uploads\/2014\/12\/P1040689-2k.jpg?fit=600%2C450","jetpack_shortlink":"https:\/\/wp.me\/s4ov3v-advent","_links":{"self":[{"href":"http:\/\/www.sy-sunrise.de\/index.php?rest_route=\/wp\/v2\/posts\/1822"}],"collection":[{"href":"http:\/\/www.sy-sunrise.de\/index.php?rest_route=\/wp\/v2\/posts"}],"about":[{"href":"http:\/\/www.sy-sunrise.de\/index.php?rest_route=\/wp\/v2\/types\/post"}],"author":[{"embeddable":true,"href":"http:\/\/www.sy-sunrise.de\/index.php?rest_route=\/wp\/v2\/users\/3"}],"replies":[{"embeddable":true,"href":"http:\/\/www.sy-sunrise.de\/index.php?rest_route=%2Fwp%2Fv2%2Fcomments&post=1822"}],"version-history":[{"count":4,"href":"http:\/\/www.sy-sunrise.de\/index.php?rest_route=\/wp\/v2\/posts\/1822\/revisions"}],"predecessor-version":[{"id":1832,"href":"http:\/\/www.sy-sunrise.de\/index.php?rest_route=\/wp\/v2\/posts\/1822\/revisions\/1832"}],"wp:featuredmedia":[{"embeddable":true,"href":"http:\/\/www.sy-sunrise.de\/index.php?rest_route=\/wp\/v2\/media\/1818"}],"wp:attachment":[{"href":"http:\/\/www.sy-sunrise.de\/index.php?rest_route=%2Fwp%2Fv2%2Fmedia&parent=1822"}],"wp:term":[{"taxonomy":"category","embeddable":true,"href":"http:\/\/www.sy-sunrise.de\/index.php?rest_route=%2Fwp%2Fv2%2Fcategories&post=1822"},{"taxonomy":"post_tag","embeddable":true,"href":"http:\/\/www.sy-sunrise.de\/index.php?rest_route=%2Fwp%2Fv2%2Ftags&post=1822"}],"curies":[{"name":"wp","href":"https:\/\/api.w.org\/{rel}","templated":true}]}}