{"id":1126,"date":"2014-07-19T00:01:23","date_gmt":"2014-07-18T22:01:23","guid":{"rendered":"http:\/\/www.sy-sunrise.de\/?p=1126"},"modified":"2014-07-18T22:12:18","modified_gmt":"2014-07-18T20:12:18","slug":"santiago-de-compostella","status":"publish","type":"post","link":"http:\/\/www.sy-sunrise.de\/?p=1126","title":{"rendered":"Santiago de Compostela"},"content":{"rendered":"<p>Unser Plan f\u00fcr Heute: Um 9 Uhr losfahren nach Santiago de Compostela, es sind knappe 70 Kilometer. Um 12 Uhr beginnt die Pilgermesse und die Kathedrale wird f\u00fcr die Zeit der Messe verst\u00e4ndlicherweise abgeschlossen. Der Terminplan geriet leicht ins Wanken, weil wir schlicht und einfach verschlafen haben. Kurz vor 12 Uhr waren wir im Au\u00dfenbezirk von Santiago de Compostela. Wie durch Zufall fuhren wir mit dem Auto auf dem Camino de Santiago \u2013 dem Jakobsweg. Wir haben den Wagen geparkt und sind die letzten drei Kilometer des Jakobswegs \u201egewandert\u201c. Viele, sehr junge Pilger (zwischen 20 und 30 Jahre alt) sind unterwegs nach Santiago, wenige in unserem Alter. Auch viele mit dem Fahrrad \u2013 das z\u00e4hlt mittlerweile wohl auch. An der Porto do Camino angekommen, brauchen wir nur noch den Rucks\u00e4cken durch die mittelalterliche Altstadt zu folgen. Ziel Aller ist der Plaza do Obradoiro vor der Kathedrale. Wir wissen, dass die Kathedrale gerade noch abgeschlossen ist und stehen auf dem Plaza. Die Kathedrale ist einger\u00fcstet, Fotos zu machen bringt nichts. Auf dem Plaza ist eine Stimmung wie auf der Kirbe (Volksfest\/Kirmes). Die Einheimischen machen wohl keinen Popanz mit dem Wallfahrtsort und der Pilgerei. Auf dem Plaza ist eine Art Disneyland-Bus mit entsprechender Musik \u2013 ein krasser Stilbruch im Verh\u00e4ltnis zum Umfeld. Wichtig ist nebenbei auch das Geld, das die Touristen und Pilger liegen lassen. \u00dcberall werden Handzettel mit Restaurant-Tips, Erm\u00e4\u00dfigungs-Vouchers f\u00fcr Souvenirartikel etc. verteilt. Aber eine Touristenfalle ist es wirklich nicht. Wir gehen zum Tourismusoffice, holen uns einen kostenlosen Stadtplan und laufen die kleine Altstadtrunde ab. Sehr beeindruckende alte Steine und an jedem Eck eine Kirche. Zu Recht ist die komplette Altstadt UNESCO-Weltkulturerbe, ohne Frage, die Altstadt ist sehenswert. Wer mehr \u00fcber die Historie von Santiago wissen m\u00f6chte, sollte die Freunde von Wikipedia fragen. Wir kommen an der Kirche Igrexa das Animas vorbei, hier werden wir angelockt von einem Gesang, der uns an die Drei Ten\u00f6re erinnert. Die beiden Fl\u00fcgel der Kirchent\u00fcre sind weit ge\u00f6ffnet, die Kirche ist festlich geschm\u00fcckt, weil eine Hochzeit stattfindet. Das Brautpaar und die G\u00e4ste f\u00fcllen die vorderen Reihen, die unbeteiligten Besucher stehen hinten. Offensichtlich war es der Wunsch der Brautleute, dass sich auch Andere an der Musik erfreuen, bzw. an der Zeremonie teilnehmen k\u00f6nnen. An den Markthallen kommen wir vorbei, biegen ein und genehmigen uns eine kleine Portion Pulpo (gekocht im Salzwasser, mit Meersalz, Paprika und Oliven\u00f6l gew\u00fcrzt). Schmeckt richtig lecker und wie bereits gesagt, der Pulpo ist pflegeleicht, einmal gar, immer gar. Wir pilgern zur Kathedrale zur\u00fcck und stellen fest, dass wir uns in die Besucherschlange einreihen k\u00f6nnen und pro Person 12 Euro zahlen sollen. Wir verzichten auf die Innenbesichtigung. Walters O-Ton: Da drinnen h\u00e4ttest du es eh nicht ausgehalten, da riecht es nach Moder, Weihrauch, Schwei\u00df und K\u00e4sef\u00fc\u00dfe. Zwischenzeitlich ist es Nachmittag, wir laufen zur\u00fcck zum Auto und wir wenden uns wieder weltlichen Dingen zu: Au\u00dferhalb der Stadt ist ein gro\u00dfes Einkaufszentrum mit einem Carrefour-Markt. Wir stocken unseren Proviant f\u00fcr die n\u00e4chsten Tage auf und fahren zur\u00fcck nach A Coruna. Hier wollten wir noch den Herkules-Turm besichtigen, aber es f\u00e4ngt an zu regnen. Na dann eben nicht, morgen ist auch noch ein Tag. Die Wetterprognose ist eh so, dass wir in den n\u00e4chsten zwei Tagen gar nicht hier weg wollen.<\/p>\n","protected":false},"excerpt":{"rendered":"<p>Unser Plan f\u00fcr Heute: Um 9 Uhr losfahren nach Santiago de Compostela, es sind knappe 70 Kilometer. Um 12 Uhr beginnt die Pilgermesse und die Kathedrale wird f\u00fcr die Zeit der Messe verst\u00e4ndlicherweise abgeschlossen. Der &hellip; <a href=\"http:\/\/www.sy-sunrise.de\/?p=1126\">Weiterlesen<\/a><\/p>\n","protected":false},"author":3,"featured_media":1129,"comment_status":"closed","ping_status":"closed","sticky":false,"template":"","format":"standard","meta":{"spay_email":""},"categories":[1],"tags":[],"jetpack_featured_media_url":"https:\/\/i0.wp.com\/www.sy-sunrise.de\/wp-content\/uploads\/2014\/07\/P1040080.jpg?fit=640%2C480","jetpack_shortlink":"https:\/\/wp.me\/p4ov3v-ia","_links":{"self":[{"href":"http:\/\/www.sy-sunrise.de\/index.php?rest_route=\/wp\/v2\/posts\/1126"}],"collection":[{"href":"http:\/\/www.sy-sunrise.de\/index.php?rest_route=\/wp\/v2\/posts"}],"about":[{"href":"http:\/\/www.sy-sunrise.de\/index.php?rest_route=\/wp\/v2\/types\/post"}],"author":[{"embeddable":true,"href":"http:\/\/www.sy-sunrise.de\/index.php?rest_route=\/wp\/v2\/users\/3"}],"replies":[{"embeddable":true,"href":"http:\/\/www.sy-sunrise.de\/index.php?rest_route=%2Fwp%2Fv2%2Fcomments&post=1126"}],"version-history":[{"count":3,"href":"http:\/\/www.sy-sunrise.de\/index.php?rest_route=\/wp\/v2\/posts\/1126\/revisions"}],"predecessor-version":[{"id":1130,"href":"http:\/\/www.sy-sunrise.de\/index.php?rest_route=\/wp\/v2\/posts\/1126\/revisions\/1130"}],"wp:featuredmedia":[{"embeddable":true,"href":"http:\/\/www.sy-sunrise.de\/index.php?rest_route=\/wp\/v2\/media\/1129"}],"wp:attachment":[{"href":"http:\/\/www.sy-sunrise.de\/index.php?rest_route=%2Fwp%2Fv2%2Fmedia&parent=1126"}],"wp:term":[{"taxonomy":"category","embeddable":true,"href":"http:\/\/www.sy-sunrise.de\/index.php?rest_route=%2Fwp%2Fv2%2Fcategories&post=1126"},{"taxonomy":"post_tag","embeddable":true,"href":"http:\/\/www.sy-sunrise.de\/index.php?rest_route=%2Fwp%2Fv2%2Ftags&post=1126"}],"curies":[{"name":"wp","href":"https:\/\/api.w.org\/{rel}","templated":true}]}}