{"id":1097,"date":"2014-07-14T00:21:01","date_gmt":"2014-07-13T22:21:01","guid":{"rendered":"http:\/\/www.sy-sunrise.de\/?p=1097"},"modified":"2014-07-20T22:34:43","modified_gmt":"2014-07-20T20:34:43","slug":"la-coruna","status":"publish","type":"post","link":"http:\/\/www.sy-sunrise.de\/?p=1097","title":{"rendered":"A Coruna"},"content":{"rendered":"<p>Im September 2006 war ich mit der GfS, mit unserem Vereinsschiff \u201eBrigantia\u201c, schon einmal hier in La Coruna. Skipper war Heinz \u201eGutzi\u201c &#8211; mein Lieblingsschweizer. Es wurde ein unvergesslicher Gourmet-T\u00f6rn nach Lissabon. Walter und ich werden diesen T\u00f6rn nachfahren. Ich habe den T\u00f6rnplan aufbewahrt (Buchhalterin bleibt Buchhalterin) und nat\u00fcrlich mit dabei. La Coruna hat sich in den 8 Jahren nicht sehr ver\u00e4ndert. Die Hafenpromenade von der Marina La Coruna in Richtung Club Nautico wurde neu gestaltet, aber sonst wurde kaum was ver\u00e4ndert, vieles kommt mir bekannt vor. Auf Anhieb habe ich den Mercator (Supermarkt) gefunden, auch die Einkaufsstra\u00dfen, die Altstadt und den Autoverleih. Richtig witzig finde ich den Blumenschmuck auf den Balkonen. Es sind geh\u00e4kelte Blument\u00f6pfe und geh\u00e4kelte Blumen &#8211; total genial. Brauchst nicht zu gie\u00dfen, verwelken nicht. Vielleicht w\u00e4re das was f\u00fcr unseren Garten zu Hause? Meine Kinder werden sich jetzt an den Kopf fassen und sagen, jetzt ist sie v\u00f6llig durchgeknallt.<br \/>\nDas Abendessen war ein Genuss. Wir haben nach l\u00e4ngerer Pause mal wieder im Lokal zu Abend gegessen (zu Hause gehen wir ja schlie\u00dflich auch nicht jeden Abend zum Essen aus \u2013 und unser zuhause ist ja momentan hier). Wir hatten eine riesige Salatplatte mit Tuna, Oliven und Ei als \u201eEntrada\u201c und als Hauptgang Langostinos, dazu eine Flasche (0,5 Liter) 2010er Rioja. Bezahlt haben wir 47 Euro \u2013 da kannst nicht meckern. Morgen, am 15.07. werden wir den bestellten Mietwagen abholen und nach Bilbao d\u00fcsen. Wir berichten.<\/p>\n","protected":false},"excerpt":{"rendered":"<p>Im September 2006 war ich mit der GfS, mit unserem Vereinsschiff \u201eBrigantia\u201c, schon einmal hier in La Coruna. Skipper war Heinz \u201eGutzi\u201c &#8211; mein Lieblingsschweizer. Es wurde ein unvergesslicher Gourmet-T\u00f6rn nach Lissabon. Walter und ich &hellip; <a href=\"http:\/\/www.sy-sunrise.de\/?p=1097\">Weiterlesen<\/a><\/p>\n","protected":false},"author":3,"featured_media":1099,"comment_status":"closed","ping_status":"closed","sticky":false,"template":"","format":"standard","meta":{"spay_email":""},"categories":[1],"tags":[],"jetpack_featured_media_url":"https:\/\/i1.wp.com\/www.sy-sunrise.de\/wp-content\/uploads\/2014\/07\/La-Coruna-P-22.jpg?fit=602%2C426","jetpack_shortlink":"https:\/\/wp.me\/p4ov3v-hH","_links":{"self":[{"href":"http:\/\/www.sy-sunrise.de\/index.php?rest_route=\/wp\/v2\/posts\/1097"}],"collection":[{"href":"http:\/\/www.sy-sunrise.de\/index.php?rest_route=\/wp\/v2\/posts"}],"about":[{"href":"http:\/\/www.sy-sunrise.de\/index.php?rest_route=\/wp\/v2\/types\/post"}],"author":[{"embeddable":true,"href":"http:\/\/www.sy-sunrise.de\/index.php?rest_route=\/wp\/v2\/users\/3"}],"replies":[{"embeddable":true,"href":"http:\/\/www.sy-sunrise.de\/index.php?rest_route=%2Fwp%2Fv2%2Fcomments&post=1097"}],"version-history":[{"count":5,"href":"http:\/\/www.sy-sunrise.de\/index.php?rest_route=\/wp\/v2\/posts\/1097\/revisions"}],"predecessor-version":[{"id":1152,"href":"http:\/\/www.sy-sunrise.de\/index.php?rest_route=\/wp\/v2\/posts\/1097\/revisions\/1152"}],"wp:featuredmedia":[{"embeddable":true,"href":"http:\/\/www.sy-sunrise.de\/index.php?rest_route=\/wp\/v2\/media\/1099"}],"wp:attachment":[{"href":"http:\/\/www.sy-sunrise.de\/index.php?rest_route=%2Fwp%2Fv2%2Fmedia&parent=1097"}],"wp:term":[{"taxonomy":"category","embeddable":true,"href":"http:\/\/www.sy-sunrise.de\/index.php?rest_route=%2Fwp%2Fv2%2Fcategories&post=1097"},{"taxonomy":"post_tag","embeddable":true,"href":"http:\/\/www.sy-sunrise.de\/index.php?rest_route=%2Fwp%2Fv2%2Ftags&post=1097"}],"curies":[{"name":"wp","href":"https:\/\/api.w.org\/{rel}","templated":true}]}}